{"id":293,"date":"2019-09-02T15:55:04","date_gmt":"2019-09-02T13:55:04","guid":{"rendered":"http:\/\/wfw.internet-solutions.at\/wohnbau\/?p=293"},"modified":"2019-09-09T09:59:40","modified_gmt":"2019-09-09T07:59:40","slug":"klagenfurt-koglstrasse","status":"publish","type":"post","link":"https:\/\/www.wohlfuehlwohnen.at\/wohnbau\/klagenfurt-koglstrasse\/","title":{"rendered":"Klagenfurt \u2013 Koglstra\u00dfe"},"content":{"rendered":"\n<p>Bei diesem Projekt entstanden 15 schl\u00fcsselfertige H\u00e4user mit je 120m\u00b2 Wohnnutzfl\u00e4che und ca. 400m\u00b2 Eigengrund. F\u00fcr jeden Eigent\u00fcmer stehen 2 PKW-Stellpl\u00e4tze und ein Einlagerungsraum zur Verf\u00fcgung. Die H\u00e4user sind ideal f\u00fcr Familien, denen eine Wohnung einfach zu eng ist. <\/p>\n\n\n\n<p>Wiederum besticht man mit einer Toplage. Die H\u00e4user wurden\nauf einer Anh\u00f6he in Waltendorf, am Ende der Koglstra\u00dfe, errichtet. Man ist in\nunmittelbarer Zentrumsn\u00e4he und befindet sich dennoch mitten im Gr\u00fcnen.<\/p>\n","protected":false},"excerpt":{"rendered":"<p>Fertigstellung Mai 2008 <\/p>\n","protected":false},"author":2,"featured_media":297,"comment_status":"closed","ping_status":"closed","sticky":false,"template":"","format":"standard","meta":[],"categories":[5],"tags":[],"_links":{"self":[{"href":"https:\/\/www.wohlfuehlwohnen.at\/wohnbau\/wp-json\/wp\/v2\/posts\/293"}],"collection":[{"href":"https:\/\/www.wohlfuehlwohnen.at\/wohnbau\/wp-json\/wp\/v2\/posts"}],"about":[{"href":"https:\/\/www.wohlfuehlwohnen.at\/wohnbau\/wp-json\/wp\/v2\/types\/post"}],"author":[{"embeddable":true,"href":"https:\/\/www.wohlfuehlwohnen.at\/wohnbau\/wp-json\/wp\/v2\/users\/2"}],"replies":[{"embeddable":true,"href":"https:\/\/www.wohlfuehlwohnen.at\/wohnbau\/wp-json\/wp\/v2\/comments?post=293"}],"version-history":[{"count":13,"href":"https:\/\/www.wohlfuehlwohnen.at\/wohnbau\/wp-json\/wp\/v2\/posts\/293\/revisions"}],"predecessor-version":[{"id":309,"href":"https:\/\/www.wohlfuehlwohnen.at\/wohnbau\/wp-json\/wp\/v2\/posts\/293\/revisions\/309"}],"wp:featuredmedia":[{"embeddable":true,"href":"https:\/\/www.wohlfuehlwohnen.at\/wohnbau\/wp-json\/wp\/v2\/media\/297"}],"wp:attachment":[{"href":"https:\/\/www.wohlfuehlwohnen.at\/wohnbau\/wp-json\/wp\/v2\/media?parent=293"}],"wp:term":[{"taxonomy":"category","embeddable":true,"href":"https:\/\/www.wohlfuehlwohnen.at\/wohnbau\/wp-json\/wp\/v2\/categories?post=293"},{"taxonomy":"post_tag","embeddable":true,"href":"https:\/\/www.wohlfuehlwohnen.at\/wohnbau\/wp-json\/wp\/v2\/tags?post=293"}],"curies":[{"name":"wp","href":"https:\/\/api.w.org\/{rel}","templated":true}]}}