{"id":290,"date":"2019-09-11T08:40:11","date_gmt":"2019-09-11T06:40:11","guid":{"rendered":"http:\/\/wfw.internet-solutions.at\/gewerbebau\/?p=290"},"modified":"2020-02-07T08:18:49","modified_gmt":"2020-02-07T07:18:49","slug":"jpg-office","status":"publish","type":"post","link":"https:\/\/www.wohlfuehlwohnen.at\/gewerbebau\/jpg-office\/","title":{"rendered":"B\u00fcro-\/Gesch\u00e4ftsgeb\u00e4ude JPG Office Klagenfurt"},"content":{"rendered":"\n<p>Dieses mehrst\u00f6ckige, massiv gebaute und auff\u00e4llige B\u00fcrogeb\u00e4ude wurde unsererseits im Jahr 2012 errichtet. Es befindet sich an Klagenfurts h\u00f6chst frequentierter Stra\u00dfe und bietet seinen Mietern somit einen au\u00dferordentlich auff\u00e4lligen Standort. Es ist uns gelungen langfristige Mietvertr\u00e4ge mit renommierten Unternehmen abzuschlie\u00dfen. Zu diesen geh\u00f6ren insbesondere die BKS Bank, die SwissLife, eine Detektei und eine Tagesklinik. Nach einem langen Arbeitstag l\u00e4dt das Office-Caf\u00e9 zum Verweilen ein. Unser JPG Office bietet insbesondere Mietern, die auf eine hohe Frequenz und eine au\u00dferordentlich gute Sichtbarkeit angewiesen sind einen optimalen, einzigartigen Standort. <\/p>\n","protected":false},"excerpt":{"rendered":"<p>Mehrst\u00f6ckiges B\u00fcrogeb\u00e4ude<\/p>\n<p>B\u00fcro-\/ Gesch\u00e4ftsfl\u00e4chen von 55 \u2013 360 m\u00b2<\/p>\n<p>TG Parkpl\u00e4tze:\t29<br \/>\nFreistellpl\u00e4tze: 16<br \/>\nDTV > 32.000<\/p>\n","protected":false},"author":2,"featured_media":295,"comment_status":"closed","ping_status":"closed","sticky":false,"template":"","format":"standard","meta":[],"categories":[5],"tags":[],"_links":{"self":[{"href":"https:\/\/www.wohlfuehlwohnen.at\/gewerbebau\/wp-json\/wp\/v2\/posts\/290"}],"collection":[{"href":"https:\/\/www.wohlfuehlwohnen.at\/gewerbebau\/wp-json\/wp\/v2\/posts"}],"about":[{"href":"https:\/\/www.wohlfuehlwohnen.at\/gewerbebau\/wp-json\/wp\/v2\/types\/post"}],"author":[{"embeddable":true,"href":"https:\/\/www.wohlfuehlwohnen.at\/gewerbebau\/wp-json\/wp\/v2\/users\/2"}],"replies":[{"embeddable":true,"href":"https:\/\/www.wohlfuehlwohnen.at\/gewerbebau\/wp-json\/wp\/v2\/comments?post=290"}],"version-history":[{"count":14,"href":"https:\/\/www.wohlfuehlwohnen.at\/gewerbebau\/wp-json\/wp\/v2\/posts\/290\/revisions"}],"predecessor-version":[{"id":398,"href":"https:\/\/www.wohlfuehlwohnen.at\/gewerbebau\/wp-json\/wp\/v2\/posts\/290\/revisions\/398"}],"wp:featuredmedia":[{"embeddable":true,"href":"https:\/\/www.wohlfuehlwohnen.at\/gewerbebau\/wp-json\/wp\/v2\/media\/295"}],"wp:attachment":[{"href":"https:\/\/www.wohlfuehlwohnen.at\/gewerbebau\/wp-json\/wp\/v2\/media?parent=290"}],"wp:term":[{"taxonomy":"category","embeddable":true,"href":"https:\/\/www.wohlfuehlwohnen.at\/gewerbebau\/wp-json\/wp\/v2\/categories?post=290"},{"taxonomy":"post_tag","embeddable":true,"href":"https:\/\/www.wohlfuehlwohnen.at\/gewerbebau\/wp-json\/wp\/v2\/tags?post=290"}],"curies":[{"name":"wp","href":"https:\/\/api.w.org\/{rel}","templated":true}]}}