{"id":216,"date":"2019-09-03T09:30:48","date_gmt":"2019-09-03T07:30:48","guid":{"rendered":"http:\/\/wfw.internet-solutions.at\/gewerbebau\/?p=216"},"modified":"2019-10-03T09:11:06","modified_gmt":"2019-10-03T07:11:06","slug":"pdz-oesterreich","status":"publish","type":"post","link":"https:\/\/www.wohlfuehlwohnen.at\/gewerbebau\/pdz-oesterreich\/","title":{"rendered":"PDZ &#8211; \u00d6sterreich"},"content":{"rendered":"\n<p>Der Einstieg in die Logistikbranche gelang uns durch eine langj\u00e4hrige Zusammenarbeit mit der \u00d6sterreichischen Post AG. In diesem Bereich wurden unsererseits 13 Postdistributionszentren innerhalb \u00d6sterreichs erstellt. Diese wurden seinerzeit noch in massiver Betonbauweise errichtet. Durch die Zentralisierung der Post wurden einige dieser Postbasen nicht mehr ben\u00f6tigt und unsererseits weiterverwertet, sprich neu vermietet oder verkauft. Diese Geb\u00e4ude entsprechen einer Lagerhalle mit B\u00fcro- und Sozialtrakt und sind sehr vielf\u00e4ltig beispielsweise, als Werkstatt, Lagerhalle, Malerbetrieb, Verkaufshalle, etc. nutzbar. Da diese Geb\u00e4ude insbesondere Anfang der 2000er Jahre umgesetzt wurden, hat sich unsere Philosophie inzwischen ver\u00e4ndert und wir haben auf die sich \u00e4ndernden Kundenbed\u00fcrfnisse reagiert. In den letzten Jahren haben wir auf den Bau von Holzriegelkonstruktionen gesetzt und wurden die PDZs inzwischen von ZSP und MLD abgel\u00f6st. Diese Geb\u00e4ude werden in dieser Form nicht mehr errichtet, da der Wohlf\u00fchlfaktor in den Vordergrund ger\u00fcckt ist. <\/p>\n","protected":false},"excerpt":{"rendered":"<p>13 Postdistributionszentren innerhalb \u00d6sterreichs <\/p>\n","protected":false},"author":2,"featured_media":222,"comment_status":"closed","ping_status":"closed","sticky":false,"template":"","format":"standard","meta":[],"categories":[5],"tags":[],"_links":{"self":[{"href":"https:\/\/www.wohlfuehlwohnen.at\/gewerbebau\/wp-json\/wp\/v2\/posts\/216"}],"collection":[{"href":"https:\/\/www.wohlfuehlwohnen.at\/gewerbebau\/wp-json\/wp\/v2\/posts"}],"about":[{"href":"https:\/\/www.wohlfuehlwohnen.at\/gewerbebau\/wp-json\/wp\/v2\/types\/post"}],"author":[{"embeddable":true,"href":"https:\/\/www.wohlfuehlwohnen.at\/gewerbebau\/wp-json\/wp\/v2\/users\/2"}],"replies":[{"embeddable":true,"href":"https:\/\/www.wohlfuehlwohnen.at\/gewerbebau\/wp-json\/wp\/v2\/comments?post=216"}],"version-history":[{"count":10,"href":"https:\/\/www.wohlfuehlwohnen.at\/gewerbebau\/wp-json\/wp\/v2\/posts\/216\/revisions"}],"predecessor-version":[{"id":381,"href":"https:\/\/www.wohlfuehlwohnen.at\/gewerbebau\/wp-json\/wp\/v2\/posts\/216\/revisions\/381"}],"wp:featuredmedia":[{"embeddable":true,"href":"https:\/\/www.wohlfuehlwohnen.at\/gewerbebau\/wp-json\/wp\/v2\/media\/222"}],"wp:attachment":[{"href":"https:\/\/www.wohlfuehlwohnen.at\/gewerbebau\/wp-json\/wp\/v2\/media?parent=216"}],"wp:term":[{"taxonomy":"category","embeddable":true,"href":"https:\/\/www.wohlfuehlwohnen.at\/gewerbebau\/wp-json\/wp\/v2\/categories?post=216"},{"taxonomy":"post_tag","embeddable":true,"href":"https:\/\/www.wohlfuehlwohnen.at\/gewerbebau\/wp-json\/wp\/v2\/tags?post=216"}],"curies":[{"name":"wp","href":"https:\/\/api.w.org\/{rel}","templated":true}]}}