{"id":199,"date":"2019-09-03T10:52:47","date_gmt":"2019-09-03T08:52:47","guid":{"rendered":"http:\/\/wfw.internet-solutions.at\/gewerbebau\/?p=199"},"modified":"2019-09-11T11:18:54","modified_gmt":"2019-09-11T09:18:54","slug":"zsp-deutschland","status":"publish","type":"post","link":"https:\/\/www.wohlfuehlwohnen.at\/gewerbebau\/zsp-deutschland\/","title":{"rendered":"ZSP \u2013 Deutschland"},"content":{"rendered":"\n<p>Als offizieller Kooperationspartner der Deutschen Post DHL Gruppe obliegt uns die Umsetzung von Zustellst\u00fctzpunkten innerhalb Deutschlands. Hierbei handelt es sich um eine modulare, individuell erweiterbare Holzkonstruktion. Die Konstruktion besteht aus 4 Bereichen: der Verladung, welche mit LKW Rampen und Sprintertoren in der H\u00f6he individuell ausgestattet sein kann, dem Paketbereich, welcher durch eine mobile Trennwand vom Briefbereich abgetrennt ist und individuell beheizt werden kann und dem B\u00fcro- und Sozialtrakt. Ein hoher Wohlf\u00fchlfaktor und ein gutes Arbeitsklima stehen f\u00fcr uns neben einer kosteng\u00fcnstigen Bauart im Vordergrund, weshalb wir uns gegen eine Beton- oder Stahlkonstruktion, sondern f\u00fcr eine klimaneutrale Holzkonstruktion entschieden haben. Die innovative Bauart erm\u00f6glicht es diese Spezialgeb\u00e4ude kosteng\u00fcnstig errichten zu k\u00f6nnen und trotzdem s\u00e4mtliche energierechtlichen und arbeitsrechtlichen Anforderungen einzuhalten. \u00a0<\/p>\n","protected":false},"excerpt":{"rendered":"<p>Ein Logistikdepotsystem entwickelt in enger Zusammenarbeit mit der Deutschen Post DHL Gruppe<\/p>\n<p>Klimaneutrale Holzkonstruktion<\/p>\n<p>Deutschlandweite Standorte<\/p>\n","protected":false},"author":2,"featured_media":203,"comment_status":"closed","ping_status":"closed","sticky":false,"template":"","format":"standard","meta":[],"categories":[5],"tags":[],"_links":{"self":[{"href":"https:\/\/www.wohlfuehlwohnen.at\/gewerbebau\/wp-json\/wp\/v2\/posts\/199"}],"collection":[{"href":"https:\/\/www.wohlfuehlwohnen.at\/gewerbebau\/wp-json\/wp\/v2\/posts"}],"about":[{"href":"https:\/\/www.wohlfuehlwohnen.at\/gewerbebau\/wp-json\/wp\/v2\/types\/post"}],"author":[{"embeddable":true,"href":"https:\/\/www.wohlfuehlwohnen.at\/gewerbebau\/wp-json\/wp\/v2\/users\/2"}],"replies":[{"embeddable":true,"href":"https:\/\/www.wohlfuehlwohnen.at\/gewerbebau\/wp-json\/wp\/v2\/comments?post=199"}],"version-history":[{"count":16,"href":"https:\/\/www.wohlfuehlwohnen.at\/gewerbebau\/wp-json\/wp\/v2\/posts\/199\/revisions"}],"predecessor-version":[{"id":338,"href":"https:\/\/www.wohlfuehlwohnen.at\/gewerbebau\/wp-json\/wp\/v2\/posts\/199\/revisions\/338"}],"wp:featuredmedia":[{"embeddable":true,"href":"https:\/\/www.wohlfuehlwohnen.at\/gewerbebau\/wp-json\/wp\/v2\/media\/203"}],"wp:attachment":[{"href":"https:\/\/www.wohlfuehlwohnen.at\/gewerbebau\/wp-json\/wp\/v2\/media?parent=199"}],"wp:term":[{"taxonomy":"category","embeddable":true,"href":"https:\/\/www.wohlfuehlwohnen.at\/gewerbebau\/wp-json\/wp\/v2\/categories?post=199"},{"taxonomy":"post_tag","embeddable":true,"href":"https:\/\/www.wohlfuehlwohnen.at\/gewerbebau\/wp-json\/wp\/v2\/tags?post=199"}],"curies":[{"name":"wp","href":"https:\/\/api.w.org\/{rel}","templated":true}]}}