{"id":170,"date":"2019-09-03T10:29:24","date_gmt":"2019-09-03T08:29:24","guid":{"rendered":"http:\/\/wfw.internet-solutions.at\/gewerbebau\/?p=170"},"modified":"2019-10-03T09:10:54","modified_gmt":"2019-10-03T07:10:54","slug":"mld-europa","status":"publish","type":"post","link":"https:\/\/www.wohlfuehlwohnen.at\/gewerbebau\/mld-europa\/","title":{"rendered":"MLD &#8211; Europa"},"content":{"rendered":"\n<p>Durch die enge Zusammenarbeit mit der DHL Paket in \u00d6sterreich unterst\u00fctzen wir dieses Unternehmen erstmalig beim Markteintritt in \u00d6sterreich. In diesem Zusammenhang wurden f\u00fcnf eigens von uns entwickelte Modulare Logistik Depots innerhalb \u00d6sterreichs und eines in der Schweiz errichtet. Durch die modulare Bauweise ist es m\u00f6glich diese in ihrer Gr\u00f6\u00dfe variabel zu gestalten. Umgesetzt wurden MLDs in der Gr\u00f6\u00dfe zwischen ca. 475 m\u00b2 und 1200m\u00b2. Die Geb\u00e4ude bestehen aus einem Lagerbereich und einem eigenen B\u00fcro- und Sozialtrakt. Abh\u00e4ngig von den Anforderungen gibt es auch Laderampen f\u00fcr die LKW-Anlieferung. Die Geb\u00e4ude wurden f\u00fcr die Auslieferung von Paketen mittels Vans errichtet, weshalb die gesamte Konstruktion der H\u00f6he nach angepasst wurde und somit 60cm aus dem Erdreich steht. Ein hoher Wohlf\u00fchlfaktor und ein gutes Arbeitsklima stehen f\u00fcr uns neben einer kosteng\u00fcnstigen Bauart im Vordergrund, weshalb wir uns gegen eine Beton- oder Stahlkonstruktion, sondern f\u00fcr eine klimaneutrale Holzkonstruktion entschieden haben. Die innovative Bauart erm\u00f6glicht es diese Spezialgeb\u00e4ude kosteng\u00fcnstig errichten zu k\u00f6nnen und trotzdem s\u00e4mtliche energierechtlichen und arbeitsrechtlichen Anforderungen einzuhalten.&nbsp; <\/p>\n","protected":false},"excerpt":{"rendered":"<p>Ein Logistikdepotsystem entwickelt in enger Zusammenarbeit mit der DHL Paket \u00d6sterreich<\/p>\n<p>Klimaneutrale Holzkonstruktion &#8211; Gr\u00f6\u00dfe zwischen ca. 475m\u00b2 und 1200m\u00b2.<\/p>\n<p>Europaweite Standorte<\/p>\n","protected":false},"author":2,"featured_media":173,"comment_status":"closed","ping_status":"closed","sticky":false,"template":"","format":"standard","meta":[],"categories":[5],"tags":[],"_links":{"self":[{"href":"https:\/\/www.wohlfuehlwohnen.at\/gewerbebau\/wp-json\/wp\/v2\/posts\/170"}],"collection":[{"href":"https:\/\/www.wohlfuehlwohnen.at\/gewerbebau\/wp-json\/wp\/v2\/posts"}],"about":[{"href":"https:\/\/www.wohlfuehlwohnen.at\/gewerbebau\/wp-json\/wp\/v2\/types\/post"}],"author":[{"embeddable":true,"href":"https:\/\/www.wohlfuehlwohnen.at\/gewerbebau\/wp-json\/wp\/v2\/users\/2"}],"replies":[{"embeddable":true,"href":"https:\/\/www.wohlfuehlwohnen.at\/gewerbebau\/wp-json\/wp\/v2\/comments?post=170"}],"version-history":[{"count":19,"href":"https:\/\/www.wohlfuehlwohnen.at\/gewerbebau\/wp-json\/wp\/v2\/posts\/170\/revisions"}],"predecessor-version":[{"id":380,"href":"https:\/\/www.wohlfuehlwohnen.at\/gewerbebau\/wp-json\/wp\/v2\/posts\/170\/revisions\/380"}],"wp:featuredmedia":[{"embeddable":true,"href":"https:\/\/www.wohlfuehlwohnen.at\/gewerbebau\/wp-json\/wp\/v2\/media\/173"}],"wp:attachment":[{"href":"https:\/\/www.wohlfuehlwohnen.at\/gewerbebau\/wp-json\/wp\/v2\/media?parent=170"}],"wp:term":[{"taxonomy":"category","embeddable":true,"href":"https:\/\/www.wohlfuehlwohnen.at\/gewerbebau\/wp-json\/wp\/v2\/categories?post=170"},{"taxonomy":"post_tag","embeddable":true,"href":"https:\/\/www.wohlfuehlwohnen.at\/gewerbebau\/wp-json\/wp\/v2\/tags?post=170"}],"curies":[{"name":"wp","href":"https:\/\/api.w.org\/{rel}","templated":true}]}}