{"id":160,"date":"2019-09-03T08:39:11","date_gmt":"2019-09-03T06:39:11","guid":{"rendered":"http:\/\/wfw.internet-solutions.at\/gewerbebau\/?p=160"},"modified":"2019-10-03T09:12:05","modified_gmt":"2019-10-03T07:12:05","slug":"grundstueck-klagenfurt-kiz-ost","status":"publish","type":"post","link":"https:\/\/www.wohlfuehlwohnen.at\/gewerbebau\/grundstueck-klagenfurt-kiz-ost\/","title":{"rendered":"Grundst\u00fcck Klagenfurt KIZ \u2013    Ost"},"content":{"rendered":"\n<p>Im Gewerbegebiet KIZ Ost, welches nahe an der Autobahnabfahrt Klagenfurt Ost liegt, sind bereits alle Grundst\u00fccke vergeben. Die S\u00fcdost-Spange ist bereits seitens der Stadt Klagenfurt in Planung und soll demn\u00e4chst erstellt werden um eine noch bessere Erreichbarkeit gew\u00e4hrleisten zu k\u00f6nnen. Arbeiten rund um die Uhr ist in diesem Gebiet m\u00f6glich, da es keine Auflagen bez\u00fcglich L\u00e4rm und Betriebszeiten gibt. <\/p>\n\n\n\n<p>Das 5100m\u00b2 gro\u00dfe unbebaute Grundst\u00fcck steht bereit um Ihnen ein individuelles Geb\u00e4ude zur Miete zu erstellen. Gemeinsam mit Ihnen entwickeln wir Ihre individuelle L\u00f6sung f\u00fcr eine Betriebshalle, Logistikhalle, Lagerhalle, etc. bis zu einer Gr\u00f6\u00dfe von ca. 2000m\u00b2 Nutzfl\u00e4che mit Parkpl\u00e4tzen und Au\u00dfenfl\u00e4che. Selbstverst\u00e4ndlich ist auch ein mehrst\u00f6ckiges Geb\u00e4ude, bestehend aus beispielsweise einer Lager- oder Produktionshalle und einem B\u00fcro, m\u00f6glich. <\/p>\n\n\n\n<p>Preis, Versorgungstr\u00e4ger und Geb\u00e4udeplanung k\u00f6nnen w\u00e4hrend der gemeinsamen Planungsphase in enger Zusammenarbeit abgestimmt werden. Hier erarbeiten wir gemeinsam mit Ihnen eine L\u00f6sung, die Ihren Bed\u00fcrfnissen entspricht. Wir k\u00fcmmern uns sowohl um die Planung, als auch um die Baueinreichung und die Umsetzung Ihres neuen Mietobjektes.<\/p>\n\n\n\n<p>Bei Interesse senden Sie uns\ngerne Ihre unverbindliche Anfrage.<\/p>\n","protected":false},"excerpt":{"rendered":"<p>Grundst\u00fcck inkl. individuellem Geb\u00e4ude im Gewerbegebiet zu vermieten!<\/p>\n<p>Grundst\u00fcck 5100 m\u00b2<br \/>\nNutzfl\u00e4che bis ca. 2000 m\u00b2<\/p>\n<p>f\u00fcr z.B: Logisitikdepot, Produktionshalle, Betriebsgeb\u00e4ude<\/p>\n","protected":false},"author":2,"featured_media":166,"comment_status":"closed","ping_status":"closed","sticky":false,"template":"","format":"standard","meta":[],"categories":[4],"tags":[],"_links":{"self":[{"href":"https:\/\/www.wohlfuehlwohnen.at\/gewerbebau\/wp-json\/wp\/v2\/posts\/160"}],"collection":[{"href":"https:\/\/www.wohlfuehlwohnen.at\/gewerbebau\/wp-json\/wp\/v2\/posts"}],"about":[{"href":"https:\/\/www.wohlfuehlwohnen.at\/gewerbebau\/wp-json\/wp\/v2\/types\/post"}],"author":[{"embeddable":true,"href":"https:\/\/www.wohlfuehlwohnen.at\/gewerbebau\/wp-json\/wp\/v2\/users\/2"}],"replies":[{"embeddable":true,"href":"https:\/\/www.wohlfuehlwohnen.at\/gewerbebau\/wp-json\/wp\/v2\/comments?post=160"}],"version-history":[{"count":23,"href":"https:\/\/www.wohlfuehlwohnen.at\/gewerbebau\/wp-json\/wp\/v2\/posts\/160\/revisions"}],"predecessor-version":[{"id":384,"href":"https:\/\/www.wohlfuehlwohnen.at\/gewerbebau\/wp-json\/wp\/v2\/posts\/160\/revisions\/384"}],"wp:featuredmedia":[{"embeddable":true,"href":"https:\/\/www.wohlfuehlwohnen.at\/gewerbebau\/wp-json\/wp\/v2\/media\/166"}],"wp:attachment":[{"href":"https:\/\/www.wohlfuehlwohnen.at\/gewerbebau\/wp-json\/wp\/v2\/media?parent=160"}],"wp:term":[{"taxonomy":"category","embeddable":true,"href":"https:\/\/www.wohlfuehlwohnen.at\/gewerbebau\/wp-json\/wp\/v2\/categories?post=160"},{"taxonomy":"post_tag","embeddable":true,"href":"https:\/\/www.wohlfuehlwohnen.at\/gewerbebau\/wp-json\/wp\/v2\/tags?post=160"}],"curies":[{"name":"wp","href":"https:\/\/api.w.org\/{rel}","templated":true}]}}