{"id":145,"date":"2019-09-03T08:29:35","date_gmt":"2019-09-03T06:29:35","guid":{"rendered":"http:\/\/wfw.internet-solutions.at\/gewerbebau\/?p=145"},"modified":"2021-01-13T14:09:34","modified_gmt":"2021-01-13T13:09:34","slug":"geschaeftsflaechen-im-fachmarktzentrum-friesach","status":"publish","type":"post","link":"https:\/\/www.wohlfuehlwohnen.at\/gewerbebau\/geschaeftsflaechen-im-fachmarktzentrum-friesach\/","title":{"rendered":"Gesch\u00e4ftsfl\u00e4chen im Fachmarktzentrum Friesach"},"content":{"rendered":"\n<p>Die beiden B\u00fcro- bzw. Gesch\u00e4ftsfl\u00e4chen befinden sich in einem Fachmarktkomplex  in der Industriestra\u00dfe 9360 Friesach . In unmittelbarer N\u00e4he befinden sich einige Nahversorger und weitere interessante Gesch\u00e4fte, womit eine hohe Besucherfrequenz garantiert ist. Bei der gr\u00f6\u00dferen Fl\u00e4che besteht dar\u00fcber hinaus die M\u00f6glichkeit einen Bankomat in Zusammenarbeit mit einem Geldinstitut zu betreiben. Die notwendigen Vorkehrungen hierf\u00fcr sind bereits vorhanden. <\/p>\n\n\n\n<p>Zus\u00e4tzlich ist eine Vielzahl von\nParkpl\u00e4tzen vorhanden, welche f\u00fcr den gesamten Komplex nutzbar sind und somit\nnicht separat angemietet werden m\u00fcssen. Im selben Komplex befinden sich bereits\nein bew\u00e4hrtes Caf\u00e9 sowie ein NKD. <\/p>\n\n\n\n<p>Bei Interesse senden Sie uns gerne\nIhre unverbindliche Anfrage. <\/p>\n","protected":false},"excerpt":{"rendered":"<p>Gesch\u00e4ftsfl\u00e4chen (Top 1 und Top 3) im Fachmarktzentrum Friesach<br \/>\nzu vermieten<\/p>\n<p>Top 1 &#8211; 250 m\u00b2<br \/>\nTop 3 &#8211;   93 m\u00b2<\/p>\n","protected":false},"author":2,"featured_media":151,"comment_status":"closed","ping_status":"closed","sticky":false,"template":"","format":"standard","meta":[],"categories":[5],"tags":[],"_links":{"self":[{"href":"https:\/\/www.wohlfuehlwohnen.at\/gewerbebau\/wp-json\/wp\/v2\/posts\/145"}],"collection":[{"href":"https:\/\/www.wohlfuehlwohnen.at\/gewerbebau\/wp-json\/wp\/v2\/posts"}],"about":[{"href":"https:\/\/www.wohlfuehlwohnen.at\/gewerbebau\/wp-json\/wp\/v2\/types\/post"}],"author":[{"embeddable":true,"href":"https:\/\/www.wohlfuehlwohnen.at\/gewerbebau\/wp-json\/wp\/v2\/users\/2"}],"replies":[{"embeddable":true,"href":"https:\/\/www.wohlfuehlwohnen.at\/gewerbebau\/wp-json\/wp\/v2\/comments?post=145"}],"version-history":[{"count":28,"href":"https:\/\/www.wohlfuehlwohnen.at\/gewerbebau\/wp-json\/wp\/v2\/posts\/145\/revisions"}],"predecessor-version":[{"id":407,"href":"https:\/\/www.wohlfuehlwohnen.at\/gewerbebau\/wp-json\/wp\/v2\/posts\/145\/revisions\/407"}],"wp:featuredmedia":[{"embeddable":true,"href":"https:\/\/www.wohlfuehlwohnen.at\/gewerbebau\/wp-json\/wp\/v2\/media\/151"}],"wp:attachment":[{"href":"https:\/\/www.wohlfuehlwohnen.at\/gewerbebau\/wp-json\/wp\/v2\/media?parent=145"}],"wp:term":[{"taxonomy":"category","embeddable":true,"href":"https:\/\/www.wohlfuehlwohnen.at\/gewerbebau\/wp-json\/wp\/v2\/categories?post=145"},{"taxonomy":"post_tag","embeddable":true,"href":"https:\/\/www.wohlfuehlwohnen.at\/gewerbebau\/wp-json\/wp\/v2\/tags?post=145"}],"curies":[{"name":"wp","href":"https:\/\/api.w.org\/{rel}","templated":true}]}}