{"id":1,"date":"2019-09-03T09:05:06","date_gmt":"2019-09-03T07:05:06","guid":{"rendered":"http:\/\/wfw.internet-solutions.at\/gewerbebau\/?p=1"},"modified":"2021-11-02T18:09:35","modified_gmt":"2021-11-02T17:09:35","slug":"mld-gablitz","status":"publish","type":"post","link":"https:\/\/www.wohlfuehlwohnen.at\/gewerbebau\/mld-gablitz\/","title":{"rendered":"Logistikdepot Gablitz, Linzer Stra\u00dfe"},"content":{"rendered":"<p>Die Halle befindet sich in der Linzerstra\u00dfe 195, 3003 Gablitz und diente einst als Logistikdepot f\u00fcr die DHL Austria. Die Halle ist mit 2 LKW-Rampen und 38 Sprinter-Toren ausgestattet. Die rund 978m\u00b2 eignen sich hervorragend als Lagerfl\u00e4che, als Gewerbehalle f\u00fcr Installateure, Elektriker, Maler, etc. Zus\u00e4tzlich sind B\u00fcroeinheiten inkl. Sanit\u00e4rbereich und ausreichend Au\u00dfenfl\u00e4chen, die als Parkpl\u00e4tze oder Au\u00dfenlager verwendet werden k\u00f6nnen, vorhanden. Die gesamte Fl\u00e4che ist eingez\u00e4unt.<\/p>\n<p>Bei Interesse senden Sie uns gerne Ihre unverbindliche Anfrage.<\/p>\n","protected":false},"excerpt":{"rendered":"<p>Geb\u00e4ude in Holzbauweise inkl. B\u00fcro und Abstellfl\u00e4chen zu vermieten. <\/p>\n","protected":false},"author":1,"featured_media":82,"comment_status":"closed","ping_status":"closed","sticky":false,"template":"","format":"standard","meta":[],"categories":[5],"tags":[],"_links":{"self":[{"href":"https:\/\/www.wohlfuehlwohnen.at\/gewerbebau\/wp-json\/wp\/v2\/posts\/1"}],"collection":[{"href":"https:\/\/www.wohlfuehlwohnen.at\/gewerbebau\/wp-json\/wp\/v2\/posts"}],"about":[{"href":"https:\/\/www.wohlfuehlwohnen.at\/gewerbebau\/wp-json\/wp\/v2\/types\/post"}],"author":[{"embeddable":true,"href":"https:\/\/www.wohlfuehlwohnen.at\/gewerbebau\/wp-json\/wp\/v2\/users\/1"}],"replies":[{"embeddable":true,"href":"https:\/\/www.wohlfuehlwohnen.at\/gewerbebau\/wp-json\/wp\/v2\/comments?post=1"}],"version-history":[{"count":21,"href":"https:\/\/www.wohlfuehlwohnen.at\/gewerbebau\/wp-json\/wp\/v2\/posts\/1\/revisions"}],"predecessor-version":[{"id":382,"href":"https:\/\/www.wohlfuehlwohnen.at\/gewerbebau\/wp-json\/wp\/v2\/posts\/1\/revisions\/382"}],"wp:featuredmedia":[{"embeddable":true,"href":"https:\/\/www.wohlfuehlwohnen.at\/gewerbebau\/wp-json\/wp\/v2\/media\/82"}],"wp:attachment":[{"href":"https:\/\/www.wohlfuehlwohnen.at\/gewerbebau\/wp-json\/wp\/v2\/media?parent=1"}],"wp:term":[{"taxonomy":"category","embeddable":true,"href":"https:\/\/www.wohlfuehlwohnen.at\/gewerbebau\/wp-json\/wp\/v2\/categories?post=1"},{"taxonomy":"post_tag","embeddable":true,"href":"https:\/\/www.wohlfuehlwohnen.at\/gewerbebau\/wp-json\/wp\/v2\/tags?post=1"}],"curies":[{"name":"wp","href":"https:\/\/api.w.org\/{rel}","templated":true}]}}